{"id":120927,"date":"2020-08-12T16:05:00","date_gmt":"2020-08-12T16:05:00","guid":{"rendered":"https:\/\/www.internetsociety.org\/blog\/2020\/08\/talleres-de-formacion-y-cumbre-sobre-conectividad-indigena-de-2020-registrate-ya\/"},"modified":"2020-08-25T13:48:45","modified_gmt":"2020-08-25T13:48:45","slug":"talleres-de-formacion-y-cumbre-sobre-conectividad-indigena-de-2020-registrate-ya","status":"publish","type":"post","link":"https:\/\/www.internetsociety.org\/es\/blog\/2020\/08\/talleres-de-formacion-y-cumbre-sobre-conectividad-indigena-de-2020-registrate-ya\/","title":{"rendered":"Talleres de formaci\u00f3n y Cumbre sobre Conectividad Ind\u00edgena de 2020: reg\u00edstrate ya"},"content":{"rendered":"\n<p>Gente de todo el mundo depende de Internet para estar conectada con su vida cotidiana, pero las empresas y los gobiernos est\u00e1n dejando en la estacada a las comunidades ind\u00edgenas. La falta de conexi\u00f3n significa que muchas personas no tienen acceso a la informaci\u00f3n y atenci\u00f3n m\u00e9dica b\u00e1sicas. Y mientras la COVID-19 se ha ensa\u00f1ado especialmente con las comunidades ind\u00edgenas, la falta de acceso significa que no pueden usar los servicios que las poblaciones conectadas consideran indispensables como, por ejemplo, el aprendizaje online y el teletrabajo.<\/p>\n\n<p>Debemos subsanar esta gran laguna.<\/p>\n\n<p><a href=\"https:\/\/www.internetsociety.org\/events\/indigenous-connectivity-summit\/\">Internet Society lleva a\u00f1os trabajando con estas comunidades<\/a>, acompa\u00f1ada por operadores de red, expertos en tecnolog\u00eda, la sociedad civil y acad\u00e9mica y los legisladores, mediante la organizaci\u00f3n de encuentros para impulsar iniciativas colectivas que permitan estrechar la brecha digital. Un ejemplo de ello es la <a href=\"https:\/\/www.internetsociety.org\/events\/indigenous-connectivity-summit\/\">Cumbre sobre Conectividad Ind\u00edgena<\/a> (ICS, por sus siglas en ingl\u00e9s) y los talleres de formaci\u00f3n previos a la cumbre: redes comunitarias, pol\u00edticas y promoci\u00f3n.<\/p>\n\n<p>Como este a\u00f1o el evento no puede ser presencial, se celebrar\u00e1 telem\u00e1ticamente.<\/p>\n\n<h4 class=\"wp-block-heading\">Tenemos el placer de anunciar la apertura del plazo de inscripci\u00f3n para la Cumbre sobre Conectividad Ind\u00edgena 2020.<\/h4>\n\n<p><\/p>\n\n<p><strong>La cumbre se celebrar\u00e1 del 5 al 9 de octubre de 2020 y los talleres de formaci\u00f3n empezar\u00e1n la primera semana de septiembre<\/strong>. Los que se registren para la cumbre antes del viernes, 11 de septiembre recibir\u00e1n una bolsa con merchandising y materiales para los talleres de formaci\u00f3n pr\u00e1cticos previos a la cumbre. (El plazo de inscripci\u00f3n para los talleres de formaci\u00f3n finaliza el 28 de agosto).<\/p>\n\n<p><strong>Cumbre sobre Conectividad Ind\u00edgena 2020<\/strong><br\/>Aunque no podremos reunirnos en Winnipeg (Canad\u00e1), como nos hubiera gustado, tenemos ganas de que llegue el evento virtual para retomar estas conversaciones tan importantes. El lugar ser\u00e1 diferente de lo esperado, pero muchos aspectos del ICS 2020 seguir\u00e1n siendo los mismos.<\/p>\n\n<p>Seguiremos hablando de los problemas urgentes que deben afrontar las comunidades en Norteam\u00e9rica mientras trabajan para acceder a Internet con sus propias reglas:<\/p>\n\n<ul class=\"wp-block-list\"><li>Soberan\u00eda y creaci\u00f3n de una naci\u00f3n virtual<\/li><li>Acceso a recursos como infraestructura, espectro y redes de retorno<\/li><li>Desarrollo de competencias<\/li><li>El <a href=\"https:\/\/www.internetsociety.org\/indigenet\/tribal-priority-window\/\">Plazo de Prioridad Tribal<\/a> para el Servicio de Banda Ancha Educativa (EBS, por sus siglas en ingl\u00e9s) y el uso del espectro de 2.5 GHz<\/li><\/ul>\n<p>Tambi\u00e9n estamos trabajando a fondo para incluir los ingredientes que hagan del ICS un evento de obligada asistencia como, por ejemplo, el networking, la formaci\u00f3n de equipos y las experiencias \u00fanicas e irrepetibles. La Cumbre de Conectividad Ind\u00edgena siempre ha sido y ser\u00e1 un lugar para fomentar las conexiones humanas.<\/p>\n\n<p><strong>Talleres de formaci\u00f3n previos a la cumbre<\/strong><br\/>Despu\u00e9s del <a href=\"https:\/\/www.internetsociety.org\/es\/blog\/2019\/10\/he-aqui-nuestras-primeras-autopistas-acceso-a-internet-y-autodeterminacion-en-puuhonua-o-waimanalo\/\">\u00e9xito del a\u00f1o pasado<\/a>, tambi\u00e9n vamos a organizar dos talleres de formaci\u00f3n previos a la cumbre: <a href=\"https:\/\/www.internetsociety.org\/events\/indigenous-connectivity-summit\/2020\/trainings\/\">pol\u00edtica y promoci\u00f3n y redes comunitarias<\/a>. Los participantes en estos talleres aprender\u00e1n a instalar, mantener y operar redes comunitarias de la mano de expertos en la materia. Tambi\u00e9n adquirir\u00e1n los conocimientos necesarios para defender las pol\u00edticas que influyen en la capacidad de su comunidad para poner en marcha soluciones de conectividad con sus propias reglas.<\/p>\n\n<p>Los cursos durar\u00e1n seis semanas, con una sesi\u00f3n de una hora y media a la semana. Las sesiones empezar\u00e1n la semana del 1 de septiembre de 2020 y finalizar\u00e1n la semana de la cumbre con una formaci\u00f3n virtual pr\u00e1ctica y la creaci\u00f3n de las recomendaciones sobre pol\u00edticas de este a\u00f1o, en las que se basar\u00e1 el trabajo de promoci\u00f3n de la comunidad para el a\u00f1o que viene.<\/p>\n\n<p>Esperamos que estos cursos y la cumbre sirvan para que los participantes adquieran las competencias e instalen la red que necesitan para aprovechar las oportunidades de conectividad emergentes como consecuencia de la COVID-19, y que sus comunidades se conecten con sus propias reglas.<\/p>\n\n<h4 class=\"has-ground-blue-color has-text-color wp-block-heading\"><a href=\"https:\/\/www.internetsociety.org\/events\/indigenous-connectivity-summit\/\">Participa en los talleres de formaci\u00f3n y en la Cumbre sobre Conectividad Ind\u00edgena de este a\u00f1o. <\/a>\u00a1Y p\u00e1sales la voz a tus compa\u00f1eros y a tu comunidad!<\/h4>\n\n<hr class=\"wp-block-separator\"\/>\n\n<p><em>Imagen de un participante en un programa de formaci\u00f3n sobre redes comunitarias en Ulukhaktok (Territorios de Noroeste) \u00a9 Angela Gzowski<\/em><\/p>\n","protected":false},"excerpt":{"rendered":"<p>Gente de todo el mundo depende de Internet para estar conectada con su vida cotidiana, pero las empresas y los gobiernos est\u00e1n dejando en la estacada a las comunidades ind\u00edgenas. La falta de conexi\u00f3n significa que muchas personas no tienen acceso a la informaci\u00f3n y atenci\u00f3n m\u00e9dica b\u00e1sicas. Y mientras la COVID-19 se ha ensa\u00f1ado [&hellip;]<\/p>\n","protected":false},"author":15,"featured_media":120426,"comment_status":"closed","ping_status":"closed","sticky":false,"template":"","format":"standard","meta":{"_acf_changed":false,"_uag_custom_page_level_css":"","footnotes":""},"categories":[67,122],"tags":[3361,4253],"region_news_regions":[5931],"content_category":[6102],"ppma_author":[4040,4779,4053],"class_list":["post-120927","post","type-post","status-publish","format-standard","has-post-thumbnail","hentry","category-acceso-es","category-redes-comunitarias","tag-indigenous-es","tag-indigenous-connectivity-summit-es","region_news_regions-global","content_category-blog-type"],"acf":[],"uagb_featured_image_src":{"full":["https:\/\/www.internetsociety.org\/wp-content\/uploads\/2020\/08\/2020-ics-register.jpg",1280,550,false],"thumbnail":["https:\/\/www.internetsociety.org\/wp-content\/uploads\/2020\/08\/2020-ics-register-150x150.jpg",150,150,true],"medium":["https:\/\/www.internetsociety.org\/wp-content\/uploads\/2020\/08\/2020-ics-register-450x193.jpg",450,193,true],"medium_large":["https:\/\/www.internetsociety.org\/wp-content\/uploads\/2020\/08\/2020-ics-register-768x330.jpg",768,330,true],"large":["https:\/\/www.internetsociety.org\/wp-content\/uploads\/2020\/08\/2020-ics-register-1024x440.jpg",1024,440,true],"1536x1536":["https:\/\/www.internetsociety.org\/wp-content\/uploads\/2020\/08\/2020-ics-register.jpg",1280,550,false],"2048x2048":["https:\/\/www.internetsociety.org\/wp-content\/uploads\/2020\/08\/2020-ics-register.jpg",1280,550,false],"post-thumbnail":["https:\/\/www.internetsociety.org\/wp-content\/uploads\/2020\/08\/2020-ics-register-250x107.jpg",250,107,true],"square":["https:\/\/www.internetsociety.org\/wp-content\/uploads\/2020\/08\/2020-ics-register-600x550.jpg",600,550,true],"gform-image-choice-sm":["https:\/\/www.internetsociety.org\/wp-content\/uploads\/2020\/08\/2020-ics-register.jpg",300,129,false],"gform-image-choice-md":["https:\/\/www.internetsociety.org\/wp-content\/uploads\/2020\/08\/2020-ics-register.jpg",400,172,false],"gform-image-choice-lg":["https:\/\/www.internetsociety.org\/wp-content\/uploads\/2020\/08\/2020-ics-register.jpg",600,258,false]},"uagb_author_info":{"display_name":"April Froncek","author_link":"https:\/\/www.internetsociety.org\/es\/author\/froncek\/"},"uagb_comment_info":0,"uagb_excerpt":"Gente de todo el mundo depende de Internet para estar conectada con su vida cotidiana, pero las empresas y los gobiernos est\u00e1n dejando en la estacada a las comunidades ind\u00edgenas. La falta de conexi\u00f3n significa que muchas personas no tienen acceso a la informaci\u00f3n y atenci\u00f3n m\u00e9dica b\u00e1sicas. Y mientras la COVID-19 se ha ensa\u00f1ado&hellip;","authors":[{"term_id":4040,"user_id":15,"is_guest":0,"slug":"froncek","display_name":"April Froncek","avatar_url":{"url":"https:\/\/www.internetsociety.org\/wp-content\/uploads\/2022\/02\/april-froncek-profile.jpeg","url2x":"https:\/\/www.internetsociety.org\/wp-content\/uploads\/2022\/02\/april-froncek-profile.jpeg"},"0":null,"1":"","2":"","3":"","4":"","5":"","6":"","7":"","8":""},{"term_id":4779,"user_id":1465,"is_guest":0,"slug":"jordan","display_name":"Katie Jordan","avatar_url":"https:\/\/secure.gravatar.com\/avatar\/df0367a5fbf1c19234e4da1dbdba8feda23c450ba0ead4e80b86393a7ee80f25?s=96&d=mm&r=g","0":null,"1":"","2":"","3":"","4":"","5":"","6":"","7":"","8":""},{"term_id":4053,"user_id":39,"is_guest":0,"slug":"buell","display_name":"Mark Buell","avatar_url":"https:\/\/secure.gravatar.com\/avatar\/9923abedeb495281298a2e3ae929138fe0f89f4d5d897f44641198fa285c3a42?s=96&d=mm&r=g","0":null,"1":"","2":"","3":"","4":"","5":"","6":"","7":"","8":""}],"_links":{"self":[{"href":"https:\/\/www.internetsociety.org\/es\/wp-json\/wp\/v2\/posts\/120927","targetHints":{"allow":["GET"]}}],"collection":[{"href":"https:\/\/www.internetsociety.org\/es\/wp-json\/wp\/v2\/posts"}],"about":[{"href":"https:\/\/www.internetsociety.org\/es\/wp-json\/wp\/v2\/types\/post"}],"author":[{"embeddable":true,"href":"https:\/\/www.internetsociety.org\/es\/wp-json\/wp\/v2\/users\/15"}],"replies":[{"embeddable":true,"href":"https:\/\/www.internetsociety.org\/es\/wp-json\/wp\/v2\/comments?post=120927"}],"version-history":[{"count":0,"href":"https:\/\/www.internetsociety.org\/es\/wp-json\/wp\/v2\/posts\/120927\/revisions"}],"wp:featuredmedia":[{"embeddable":true,"href":"https:\/\/www.internetsociety.org\/es\/wp-json\/wp\/v2\/media\/120426"}],"wp:attachment":[{"href":"https:\/\/www.internetsociety.org\/es\/wp-json\/wp\/v2\/media?parent=120927"}],"wp:term":[{"taxonomy":"category","embeddable":true,"href":"https:\/\/www.internetsociety.org\/es\/wp-json\/wp\/v2\/categories?post=120927"},{"taxonomy":"post_tag","embeddable":true,"href":"https:\/\/www.internetsociety.org\/es\/wp-json\/wp\/v2\/tags?post=120927"},{"taxonomy":"region_news_regions","embeddable":true,"href":"https:\/\/www.internetsociety.org\/es\/wp-json\/wp\/v2\/region_news_regions?post=120927"},{"taxonomy":"content_category","embeddable":true,"href":"https:\/\/www.internetsociety.org\/es\/wp-json\/wp\/v2\/content_category?post=120927"},{"taxonomy":"author","embeddable":true,"href":"https:\/\/www.internetsociety.org\/es\/wp-json\/wp\/v2\/ppma_author?post=120927"}],"curies":[{"name":"wp","href":"https:\/\/api.w.org\/{rel}","templated":true}]}}